{"id":24057,"date":"2025-02-18T07:38:53","date_gmt":"2025-02-18T05:38:53","guid":{"rendered":"https:\/\/www.flandersexpo.be\/flanders-expo-innove-avec-la-5g-le-reseau-wifi-6\/"},"modified":"2026-02-09T09:55:31","modified_gmt":"2026-02-09T08:55:31","slug":"flanders-expo-innove-avec-la-5g-le-reseau-wifi-6","status":"publish","type":"post","link":"https:\/\/www.flandersexpo.be\/fr\/flanders-expo-innove-avec-la-5g-le-reseau-wifi-6\/","title":{"rendered":"FLANDERS EXPO INNOVE AVEC LES R\u00c9SEAUX 5G &amp; WIFI 6"},"content":{"rendered":"\t\t<div data-elementor-type=\"wp-post\" data-elementor-id=\"24057\" class=\"elementor elementor-24057 elementor-24006\" data-elementor-post-type=\"post\">\n\t\t\t\t<div class=\"elementor-element elementor-element-2f81c921 e-flex e-con-boxed e-con e-parent\" data-id=\"2f81c921\" data-element_type=\"container\">\n\t\t\t\t\t<div class=\"e-con-inner\">\n\t\t\t\t<div class=\"elementor-element elementor-element-4bb397b1 elementor-widget elementor-widget-text-editor\" data-id=\"4bb397b1\" data-element_type=\"widget\" data-widget_type=\"text-editor.default\">\n\t\t\t\t\t\t\t\t\t<h3 style=\"color: white;\"><strong>Flanders Expo am\u00e9liore ainsi le confort num\u00e9rique de ses visiteurs, exposants et organisateurs et esp\u00e8re ainsi renforcer sa position sur le march\u00e9 international des congr\u00e8s. L&rsquo;investissement a \u00e9t\u00e9 r\u00e9alis\u00e9 avec le soutien de Toerisme Vlaanderen.<\/strong><\/h3>\n<p><strong>GAND, le 18 f\u00e9vrier 2025 \u2013 Flanders Expo, l&rsquo;un des quatre sites \u00e9v\u00e9nementiels de l&rsquo;organisateur Easyfairs Belgium, continue d&rsquo;investir dans son infrastructure num\u00e9rique. Apr\u00e8s de pr\u00e9c\u00e9dentes innovations, comme l&rsquo;achat d&rsquo;\u00e9crans num\u00e9riques en 2024, ce projet marque une nouvelle phase dans le parcours de durabilit\u00e9 de l&rsquo;entreprise, qui vise \u00e0 r\u00e9duire de moiti\u00e9 ses \u00e9missions de CO2 d&rsquo;ici 2030. Cela fait de Flanders Expo un acteur attractif sur le march\u00e9 des congr\u00e8s et des \u00e9v\u00e9nements. Toerisme Vlaanderen esp\u00e8re que les organisateurs se tourneront donc plus souvent vers la Flandre et a soutenu le projet en cons\u00e9quence.<\/strong><\/p>\n<h4><b>Une position renforc\u00e9e sur le march\u00e9 des congr\u00e8s et des \u00e9v\u00e9nements<\/b><\/h4>\n<p>L&rsquo;\u00e9quipement du site avec un r\u00e9seau 5G priv\u00e9, en collaboration avec le partenaire Proximus, et la technologie WiFi 6 via Citymesh, a repr\u00e9sent\u00e9 un co\u00fbt total de 220 000 \u20ac. Toerisme Vlaanderen a aid\u00e9 au financement du projet avec une subvention de 75 000 euros. Stefanie Roels, Venue Manager chez Flanders Expo, explique : <i>\u00ab Le WiFi 6 et la 5G doivent garantir une connexion plus rapide, plus s\u00fbre et permanente \u00e0 Flanders Expo, quel que soit le nombre de visiteurs pr\u00e9sents. \u00bb<\/i> L&rsquo;entreprise esp\u00e8re ainsi non seulement am\u00e9liorer le confort num\u00e9rique de toutes ses parties prenantes, maar aussi que l&rsquo;infrastructure num\u00e9rique permettra \u00e0 Flanders Expo de se distinguer de ses concurrents. Flanders Expo devient le premier lieu \u00e9v\u00e9nementiel dot\u00e9 de son propre r\u00e9seau priv\u00e9 5G complet, et esp\u00e8re ainsi attirer de nouveaux organisateurs de congr\u00e8s et d&rsquo;\u00e9v\u00e9nements ayant besoin d&rsquo;une connectivit\u00e9 stable. Easyfairs Belgium entend ainsi s&rsquo;imposer comme un acteur de premier plan et renforcer sa position sur le march\u00e9 (international).<\/p>\n<h4><b>Le soutien de Toerisme Vlaanderen<\/b><\/h4>\n<p>Gand est un p\u00f4le touristique dot\u00e9 d&rsquo;une histoire riche et d&rsquo;une culture vivante. Pourtant, ce site multifonctionnel est encore souvent n\u00e9glig\u00e9 par les organisateurs de congr\u00e8s nationaux et internationaux. \u00ab Une opportunit\u00e9 manqu\u00e9e d&rsquo;attirer des entreprises et des f\u00e9d\u00e9rations dans la ville \u00bb, d\u00e9clare Peter De Wilde, CEO de Toerisme Vlaanderen. \u00ab Les exp\u00e9riences innovantes et num\u00e9riques donnent \u00e0 un lieu multiformat comme Flanders Expo un avantage concurrentiel garanti. C&rsquo;est une initiative que nous sommes ravis de soutenir. \u00bb<\/p>\n<h4><b>Plus de num\u00e9risation \u00e0 venir<\/b><\/h4>\n<p>Ce ne sera d&rsquo;ailleurs pas le dernier projet de num\u00e9risation, Easyfairs ayant encore d&rsquo;autres beaux projets. \u00ab <i>Le passage \u00e0 ces r\u00e9seaux nous permettra de r\u00e9aliser encore plus d&rsquo;investissements num\u00e9riques \u00e0 l&rsquo;avenir, comme le couplage de l&rsquo;affichage dynamique (Digital Signage) et du guidage (Wayfinding) aux \u00e9crans num\u00e9riques d\u00e9j\u00e0 achet\u00e9s en 2023. La num\u00e9risation est une composante importante d&rsquo;une exp\u00e9rience de congr\u00e8s durable \u00bb, <\/i>d\u00e9clare Alain D\u2019haese, COO et Head Of Venues chez Easyfairs Belgium. En 2021, Easyfairs a sign\u00e9 l&rsquo;engagement \u00ab Net Zero Carbon Events \u00bb, visant \u00e0 r\u00e9duire de moiti\u00e9 ses \u00e9missions de gaz \u00e0 effet de serre d&rsquo;ici 2030, et \u00e0 atteindre la neutralit\u00e9 \u00e9nerg\u00e9tique totale d&rsquo;ici 2050.<\/p>\n<h4>Pour plus d&rsquo;informations, contactez :<\/h4>\n<h5>Alain D\u2019haese<\/h5>\n<p>Head Of Venues Easyfairs Belgium<br>Alain.dhaese@easyfairs.com<br>+32 499 86 11 83<\/p>\n<h5>Stef Gits<\/h5>\n<p>Toerisme Vlaanderen<br>stef.gits@toerismevlaanderen.be<\/p>\n<h4><b>\u00c0 propos d&rsquo;Easyfairs<\/b><\/h4>\n<p>Easyfairs organise et g\u00e8re des \u00e9v\u00e9nements, avec pour objectif de rassembler les communaut\u00e9s sous la devise \u00ab Visit the future \u00bb.<\/p>\n<p>Aujourd&rsquo;hui, Easyfairs organise environ 110 \u00e9v\u00e9nements de premier plan dans 14 pays (Alg\u00e9rie, Belgique, Finlande, France, Allemagne, Italie, Pays-Bas, Autriche, Portugal, Espagne, Su\u00e8de, Suisse, Royaume-Uni et \u00c9tats-Unis). Nous g\u00e9rons \u00e9galement 8 sites \u00e9v\u00e9nementiels en Belgique, aux Pays-Bas et en Su\u00e8de (Anvers, Gand, Malines, Namur, Gorinchem, Hardenberg, Malm\u00f6 et Stockholm).<\/p>\n<p>Easyfairs souhaite simplifier la vie de ses clients. Nous augmentons non seulement le retour sur investissement, mais aussi le retour sur temps investi pour les communaut\u00e9s professionnelles. Comment ? Gr\u00e2ce \u00e0 nos formules tout compris, nos technologies de pointe et notre approche centr\u00e9e sur le client. Notre esprit num\u00e9rique et tourn\u00e9 vers l&rsquo;avenir permet \u00e0 ces communaut\u00e9s de r\u00e9seauter et de faire des affaires tout au long de l&rsquo;ann\u00e9e.<\/p>\n<p>Le groupe Easyfairs compte 870 collaborateurs d\u00e9vou\u00e9s, utilise les meilleurs outils de marketing et de technologie et d\u00e9veloppe des marques fortes qui interpellent nos communaut\u00e9s de parties prenantes.<\/p>\n<p>En 2024, et ce pour la sixi\u00e8me ann\u00e9e cons\u00e9cutive, Deloitte a d\u00e9cern\u00e9 le label \u00ab Best Managed Company \u00bb \u00e0 Easyfairs. Visitez le futur avec Easyfairs et d\u00e9couvrez-en plus sur <a href=\"http:\/\/www.easyfairs.com\">www.easyfairs.com&nbsp;<\/a><\/p>\n<h4 aria-level=\"4\"><b>\u00c0 propos de Toerisme Vlaanderen<\/b><\/h4>\n<p>Toerisme Vlaanderen renforce le pouvoir positif du tourisme dans le but de faire prosp\u00e9rer la Flandre en tant que destination de voyage innovante, inspirante et de qualit\u00e9. Nous soutenons le secteur touristique pour d\u00e9velopper davantage la Flandre en tant que destination de voyage et nous promouvons notre destination \u00e0 l&rsquo;\u00e9tranger. Nos efforts profitent tant au lieu qu&rsquo;aux r\u00e9sidents, entrepreneurs et visiteurs.<\/p>\n<p><a href=\"http:\/\/www.toerismevlaanderen.be\/\">www.toerismevlaanderen.be<\/a><\/p>\n<p><a href=\"https:\/\/flandersexpo.easyfairs-internal\/wp-content\/uploads\/sites\/104\/2025\/02\/Shoot_Wifi_Flanders_Expo_2025_LR_5.jpg\" data-elementor-open-lightbox=\"yes\" data-elementor-lightbox-slideshow=\"ee1f355\" data-elementor-lightbox-title=\"Shoot_Wifi_Flanders_Expo_2025_LR_5\" data-e-action-hash=\"#elementor-action%3Aaction%3Dlightbox%26settings%3DeyJpZCI6MTg4MjMsInVybCI6Imh0dHBzOlwvXC9mbGFuZGVyc2V4cG8uZWFzeWZhaXJzLm5ldHdvcmtcL3dwLWNvbnRlbnRcL3VwbG9hZHNcL3NpdGVzXC8xMDRcLzIwMjVcLzAyXC9TaG9vdF9XaWZpX0ZsYW5kZXJzX0V4cG9fMjAyNV9MUl81LmpwZyIsInNsaWRlc2hvdyI6ImVlMWYzNTUifQ%3D%3D\"><br><\/a><br><a href=\"https:\/\/flandersexpo.easyfairs-internal\/wp-content\/uploads\/sites\/104\/2025\/02\/Shoot_Wifi_Flanders_Expo_2025_LR_6.jpg\" data-elementor-open-lightbox=\"yes\" data-elementor-lightbox-slideshow=\"ee1f355\" data-elementor-lightbox-title=\"Shoot_Wifi_Flanders_Expo_2025_LR_6\" data-e-action-hash=\"#elementor-action%3Aaction%3Dlightbox%26settings%3DeyJpZCI6MTg4MjYsInVybCI6Imh0dHBzOlwvXC9mbGFuZGVyc2V4cG8uZWFzeWZhaXJzLm5ldHdvcmtcL3dwLWNvbnRlbnRcL3VwbG9hZHNcL3NpdGVzXC8xMDRcLzIwMjVcLzAyXC9TaG9vdF9XaWZpX0ZsYW5kZXJzX0V4cG9fMjAyNV9MUl82LmpwZyIsInNsaWRlc2hvdyI6ImVlMWYzNTUifQ%3D%3D\"><br><\/a><br><a href=\"https:\/\/flandersexpo.easyfairs-internal\/wp-content\/uploads\/sites\/104\/2025\/02\/Shoot_Wifi_Flanders_Expo_2025_LR_17.jpg\" data-elementor-open-lightbox=\"yes\" data-elementor-lightbox-slideshow=\"ee1f355\" data-elementor-lightbox-title=\"Shoot_Wifi_Flanders_Expo_2025_LR_17\" data-e-action-hash=\"#elementor-action%3Aaction%3Dlightbox%26settings%3DeyJpZCI6MTg4MjksInVybCI6Imh0dHBzOlwvXC9mbGFuZGVyc2V4cG8uZWFzeWZhaXJzLm5ldHdvcmtcL3dwLWNvbnRlbnRcL3VwbG9hZHNcL3NpdGVzXC8xMDRcLzIwMjVcLzAyXC9TaG9vdF9XaWZpX0ZsYW5kZXJzX0V4cG9fMjAyNV9MUl8xNy5qcGciLCJzbGlkZXNob3ciOiJlZTFmMzU1In0%3D\"><br><\/a><br><a href=\"https:\/\/flandersexpo.easyfairs-internal\/wp-content\/uploads\/sites\/104\/2025\/02\/Shoot_Wifi_Flanders_Expo_2025_LR_1.jpg\" data-elementor-open-lightbox=\"yes\" data-elementor-lightbox-slideshow=\"ee1f355\" data-elementor-lightbox-title=\"Shoot_Wifi_Flanders_Expo_2025_LR_1\" data-e-action-hash=\"#elementor-action%3Aaction%3Dlightbox%26settings%3DeyJpZCI6MTg4MTcsInVybCI6Imh0dHBzOlwvXC9mbGFuZGVyc2V4cG8uZWFzeWZhaXJzLm5ldHdvcmtcL3dwLWNvbnRlbnRcL3VwbG9hZHNcL3NpdGVzXC8xMDRcLzIwMjVcLzAyXC9TaG9vdF9XaWZpX0ZsYW5kZXJzX0V4cG9fMjAyNV9MUl8xLmpwZyIsInNsaWRlc2hvdyI6ImVlMWYzNTUifQ%3D%3D\"><br><\/a><br><a href=\"https:\/\/flandersexpo.easyfairs-internal\/wp-content\/uploads\/sites\/104\/2025\/02\/Shoot_Wifi_Flanders_Expo_2025_LR_19.jpg\" data-elementor-open-lightbox=\"yes\" data-elementor-lightbox-slideshow=\"ee1f355\" data-elementor-lightbox-title=\"Shoot_Wifi_Flanders_Expo_2025_LR_19\" data-e-action-hash=\"#elementor-action%3Aaction%3Dlightbox%26settings%3DeyJpZCI6MTg4MzIsInVybCI6Imh0dHBzOlwvXC9mbGFuZGVyc2V4cG8uZWFzeWZhaXJzLm5ldHdvcmtcL3dwLWNvbnRlbnRcL3VwbG9hZHNcL3NpdGVzXC8xMDRcLzIwMjVcLzAyXC9TaG9vdF9XaWZpX0ZsYW5kZXJzX0V4cG9fMjAyNV9MUl8xOS5qcGciLCJzbGlkZXNob3ciOiJlZTFmMzU1In0%3D\"><br><\/a><br><a href=\"https:\/\/flandersexpo.easyfairs-internal\/wp-content\/uploads\/sites\/104\/2025\/02\/Shoot_Wifi_Flanders_Expo_2025_LR_4.jpg\" data-elementor-open-lightbox=\"yes\" data-elementor-lightbox-slideshow=\"ee1f355\" data-elementor-lightbox-title=\"Shoot_Wifi_Flanders_Expo_2025_LR_4\" data-e-action-hash=\"#elementor-action%3Aaction%3Dlightbox%26settings%3DeyJpZCI6MTg4MjAsInVybCI6Imh0dHBzOlwvXC9mbGFuZGVyc2V4cG8uZWFzeWZhaXJzLm5ldHdvcmtcL3dwLWNvbnRlbnRcL3VwbG9hZHNcL3NpdGVzXC8xMDRcLzIwMjVcLzAyXC9TaG9vdF9XaWZpX0ZsYW5kZXJzX0V4cG9fMjAyNV9MUl80LmpwZyIsInNsaWRlc2hvdyI6ImVlMWYzNTUifQ%3D%3D\"><br><\/a><\/p>\t\t\t\t\t\t\t\t<\/div>\n\t\t\t\t\t<\/div>\n\t\t\t\t<\/div>\n\t\t\t\t<\/div>\n\t\t","protected":false},"excerpt":{"rendered":"<p>Flanders Expo am\u00e9liore ainsi le confort num\u00e9rique de ses visiteurs, exposants et organisateurs et esp\u00e8re ainsi renforcer sa position sur le march\u00e9 international des congr\u00e8s. L&rsquo;investissement a \u00e9t\u00e9 r\u00e9alis\u00e9 avec le soutien de Toerisme Vlaanderen. GAND, le 18 f\u00e9vrier 2025 \u2013 Flanders Expo, l&rsquo;un des quatre sites \u00e9v\u00e9nementiels de l&rsquo;organisateur Easyfairs Belgium, continue d&rsquo;investir dans [&hellip;]<\/p>\n","protected":false},"author":890,"featured_media":18854,"comment_status":"closed","ping_status":"closed","sticky":false,"template":"elementor_theme","format":"standard","meta":{"_seopress_robots_primary_cat":"none","_seopress_titles_title":"FLANDERS EXPO INNOVE AVEC LES R\u00c9SEAUX 5G & WIFI 6","_seopress_titles_desc":"FLANDERS EXPO INNOVE AVEC LES R\u00c9SEAUX 5G & WIFI 6","_seopress_robots_index":"","footnotes":""},"categories":[362],"tags":[],"edition":[],"class_list":["post-24057","post","type-post","status-publish","format-standard","has-post-thumbnail","hentry","category-news-fr"],"meta_box":[],"_links":{"self":[{"href":"https:\/\/www.flandersexpo.be\/fr\/wp-json\/wp\/v2\/posts\/24057","targetHints":{"allow":["GET"]}}],"collection":[{"href":"https:\/\/www.flandersexpo.be\/fr\/wp-json\/wp\/v2\/posts"}],"about":[{"href":"https:\/\/www.flandersexpo.be\/fr\/wp-json\/wp\/v2\/types\/post"}],"author":[{"embeddable":true,"href":"https:\/\/www.flandersexpo.be\/fr\/wp-json\/wp\/v2\/users\/890"}],"replies":[{"embeddable":true,"href":"https:\/\/www.flandersexpo.be\/fr\/wp-json\/wp\/v2\/comments?post=24057"}],"version-history":[{"count":5,"href":"https:\/\/www.flandersexpo.be\/fr\/wp-json\/wp\/v2\/posts\/24057\/revisions"}],"predecessor-version":[{"id":29966,"href":"https:\/\/www.flandersexpo.be\/fr\/wp-json\/wp\/v2\/posts\/24057\/revisions\/29966"}],"wp:featuredmedia":[{"embeddable":true,"href":"https:\/\/www.flandersexpo.be\/fr\/wp-json\/wp\/v2\/media\/18854"}],"wp:attachment":[{"href":"https:\/\/www.flandersexpo.be\/fr\/wp-json\/wp\/v2\/media?parent=24057"}],"wp:term":[{"taxonomy":"category","embeddable":true,"href":"https:\/\/www.flandersexpo.be\/fr\/wp-json\/wp\/v2\/categories?post=24057"},{"taxonomy":"post_tag","embeddable":true,"href":"https:\/\/www.flandersexpo.be\/fr\/wp-json\/wp\/v2\/tags?post=24057"},{"taxonomy":"edition","embeddable":true,"href":"https:\/\/www.flandersexpo.be\/fr\/wp-json\/wp\/v2\/edition?post=24057"}],"curies":[{"name":"wp","href":"https:\/\/api.w.org\/{rel}","templated":true}]}}